{"id":859,"date":"2023-06-22T12:10:12","date_gmt":"2023-06-22T12:10:12","guid":{"rendered":"https:\/\/jlbauditores.es\/?p=859"},"modified":"2025-04-15T07:19:07","modified_gmt":"2025-04-15T07:19:07","slug":"programa-de-fomento-de-la-contratacion-indefinida-de-determinados-colectivos-vulnerables-en-el-ambito-territorial-de-la-comunitat-valenciana","status":"publish","type":"post","link":"https:\/\/jlbauditores.es\/en\/blog\/programa-de-fomento-de-la-contratacion-indefinida-de-determinados-colectivos-vulnerables-en-el-ambito-territorial-de-la-comunitat-valenciana\/","title":{"rendered":"Programa de fomento de la contrataci\u00f3n indefinida de determinados colectivos vulnerables en el \u00e1mbito territorial de la Comunitat Valenciana"},"content":{"rendered":"<div data-elementor-type=\"wp-post\" data-elementor-id=\"859\" class=\"elementor elementor-859\" data-elementor-post-type=\"post\">\n\t\t\t\t\t\t<section class=\"elementor-section elementor-top-section elementor-element elementor-element-c0554db elementor-section-boxed elementor-section-height-default elementor-section-height-default\" data-id=\"c0554db\" data-element_type=\"section\" data-e-type=\"section\">\n\t\t\t\t\t\t<div class=\"elementor-container elementor-column-gap-default\">\n\t\t\t\t\t<div class=\"elementor-column elementor-col-100 elementor-top-column elementor-element elementor-element-0ddc7e8\" data-id=\"0ddc7e8\" data-element_type=\"column\" data-e-type=\"column\">\n\t\t\t<div class=\"elementor-widget-wrap elementor-element-populated\">\n\t\t\t\t\t\t<div class=\"elementor-element elementor-element-f96122c elementor-widget elementor-widget-text-editor\" data-id=\"f96122c\" data-element_type=\"widget\" data-e-type=\"widget\" data-widget_type=\"text-editor.default\">\n\t\t\t\t<div class=\"elementor-widget-container\">\n\t\t\t\t\t\t\t\t\t<h1><span style=\"color: #000000;\">Subvenci\u00f3n de LABORA\u00a0<\/span><\/h1><p class=\"elementor-widget-container\"><span style=\"color: #000000;\"><strong>JLB AUDITORES, S.L.,<\/strong> con NIF n\u00famero B96183884, result\u00f3<\/span><span style=\"color: #000000; font-family: var( --e-global-typography-text-font-family ), ROBOTO; font-weight: var( --e-global-typography-text-font-weight ); font-size: 1rem;\">\u00a0beneficiaria de una subvenci\u00f3n de LABORA Servicio Valenciano de Empleo y Formaci\u00f3n en el marco del programa indicado por la contrataci\u00f3n indefinida en 2023 de determinados colectivos vulnerables en el \u00e1mbito territorial de la Comunitat Valenciana, regulado en la Orden 10\/2018, de 12 de julio, de la Conselleria de Economia Sostenible, Sectores Productivos, Comercio y Trabajo publicada en el DOGV de 16 de julio de 2018.\u00a0<\/span><\/p><p class=\"elementor-widget-container\"><span style=\"color: #000000;\">Los datos de la subvenci\u00f3n concedida son los siguientes:<\/span><\/p><p class=\"elementor-widget-container\"><span style=\"color: #000000;\"><strong>N\u00ba Expediente:<\/strong>\u00a0ECOVUL\/2023\/1047\/46<\/span><\/p><p><span style=\"color: #000000;\"><strong>Importe concedido: <\/strong>27.216,00\u20ac<\/span><\/p><p><span style=\"color: #000000;\">En fecha 18 de diciembre de 2024 <b>EVIDENCE AUDITORES, S.L. <\/b>(sociedad absorbente) se fusion\u00f3 con la mercantil <b>JLB AUDITORES, S.L. <\/b>(sociedad absorbida), subrog\u00e1ndose en todos sus derechos y obligaciones. La fusi\u00f3n ha sido inscrita en el Registro Mercantil de Valencia en el mes de marzo de 2025.\u00a0<\/span><\/p>\t\t\t\t\t\t\t\t<\/div>\n\t\t\t\t<\/div>\n\t\t\t\t\t<\/div>\n\t\t<\/div>\n\t\t\t\t\t<\/div>\n\t\t<\/section>\n\t\t\t\t<\/div>","protected":false},"excerpt":{"rendered":"<p>Subvenci\u00f3n de LABORA JLB AUDITORES, S.L., con NIF n\u00famero B96183884, result\u00f3\u00a0beneficiaria de una subvenci\u00f3n de LABORA Servicio Valenciano de Empleo y Formaci\u00f3n en el marco del programa indicado por la contrataci\u00f3n indefinida en 2023 de determinados colectivos vulnerables en el \u00e1mbito territorial de la Comunitat Valenciana, regulado en la Orden 10\/2018, de 12 de julio, [&hellip;]<\/p>\n","protected":false},"author":2,"featured_media":862,"comment_status":"open","ping_status":"open","sticky":false,"template":"","format":"standard","meta":{"footnotes":""},"categories":[16],"tags":[],"class_list":["post-859","post","type-post","status-publish","format-standard","has-post-thumbnail","hentry","category-sin-categoria-es"],"yoast_head":"<!-- This site is optimized with the Yoast SEO plugin v27.1.1 - https:\/\/yoast.com\/product\/yoast-seo-wordpress\/ -->\n<title>Programa de fomento de la contrataci\u00f3n indefinida de determinados colectivos vulnerables en el \u00e1mbito territorial de la Comunitat Valenciana - JLB auditores<\/title>\n<meta name=\"description\" content=\"Programa de fomento de la contrataci\u00f3n indefinida de determinados colectivos vulnerables en el \u00e1mbito territorial de la Comunitat Valenciana\" \/>\n<meta name=\"robots\" content=\"index, follow, max-snippet:-1, max-image-preview:large, max-video-preview:-1\" \/>\n<link rel=\"canonical\" href=\"https:\/\/jlbauditores.es\/en\/blog\/programa-de-fomento-de-la-contratacion-indefinida-de-determinados-colectivos-vulnerables-en-el-ambito-territorial-de-la-comunitat-valenciana\/\" \/>\n<meta property=\"og:locale\" content=\"en_US\" \/>\n<meta property=\"og:type\" content=\"article\" \/>\n<meta property=\"og:title\" content=\"Programa de fomento de la contrataci\u00f3n indefinida de determinados colectivos vulnerables en el \u00e1mbito territorial de la Comunitat Valenciana - JLB auditores\" \/>\n<meta property=\"og:description\" content=\"Programa de fomento de la contrataci\u00f3n indefinida de determinados colectivos vulnerables en el \u00e1mbito territorial de la Comunitat Valenciana\" \/>\n<meta property=\"og:url\" content=\"https:\/\/jlbauditores.es\/en\/blog\/programa-de-fomento-de-la-contratacion-indefinida-de-determinados-colectivos-vulnerables-en-el-ambito-territorial-de-la-comunitat-valenciana\/\" \/>\n<meta property=\"og:site_name\" content=\"JLB auditores\" \/>\n<meta property=\"article:published_time\" content=\"2023-06-22T12:10:12+00:00\" \/>\n<meta property=\"article:modified_time\" content=\"2025-04-15T07:19:07+00:00\" \/>\n<meta property=\"og:image\" content=\"https:\/\/jlbauditores.es\/wp-content\/uploads\/Programa_fomento_vulnerables.jpg\" \/>\n\t<meta property=\"og:image:width\" content=\"977\" \/>\n\t<meta property=\"og:image:height\" content=\"622\" \/>\n\t<meta property=\"og:image:type\" content=\"image\/jpeg\" \/>\n<meta name=\"author\" content=\"pepe rico\" \/>\n<meta name=\"twitter:card\" content=\"summary_large_image\" \/>\n<meta name=\"twitter:label1\" content=\"Written by\" \/>\n\t<meta name=\"twitter:data1\" content=\"pepe rico\" \/>\n\t<meta name=\"twitter:label2\" content=\"Est. reading time\" \/>\n\t<meta name=\"twitter:data2\" content=\"1 minute\" \/>\n<script type=\"application\/ld+json\" class=\"yoast-schema-graph\">{\"@context\":\"https:\/\/schema.org\",\"@graph\":[{\"@type\":\"Article\",\"@id\":\"https:\/\/jlbauditores.es\/blog\/programa-de-fomento-de-la-contratacion-indefinida-de-determinados-colectivos-vulnerables-en-el-ambito-territorial-de-la-comunitat-valenciana\/#article\",\"isPartOf\":{\"@id\":\"https:\/\/jlbauditores.es\/blog\/programa-de-fomento-de-la-contratacion-indefinida-de-determinados-colectivos-vulnerables-en-el-ambito-territorial-de-la-comunitat-valenciana\/\"},\"author\":{\"name\":\"pepe rico\",\"@id\":\"https:\/\/jlbauditores.es\/#\/schema\/person\/590e214754a672e5b12aae1eb94f2cda\"},\"headline\":\"Programa de fomento de la contrataci\u00f3n indefinida de determinados colectivos vulnerables en el \u00e1mbito territorial de la Comunitat Valenciana\",\"datePublished\":\"2023-06-22T12:10:12+00:00\",\"dateModified\":\"2025-04-15T07:19:07+00:00\",\"mainEntityOfPage\":{\"@id\":\"https:\/\/jlbauditores.es\/blog\/programa-de-fomento-de-la-contratacion-indefinida-de-determinados-colectivos-vulnerables-en-el-ambito-territorial-de-la-comunitat-valenciana\/\"},\"wordCount\":161,\"commentCount\":0,\"publisher\":{\"@id\":\"https:\/\/jlbauditores.es\/#organization\"},\"image\":{\"@id\":\"https:\/\/jlbauditores.es\/blog\/programa-de-fomento-de-la-contratacion-indefinida-de-determinados-colectivos-vulnerables-en-el-ambito-territorial-de-la-comunitat-valenciana\/#primaryimage\"},\"thumbnailUrl\":\"https:\/\/jlbauditores.es\/wp-content\/uploads\/Programa_fomento_vulnerables.jpg\",\"articleSection\":[\"Sin categor\u00eda\"],\"inLanguage\":\"en-US\",\"potentialAction\":[{\"@type\":\"CommentAction\",\"name\":\"Comment\",\"target\":[\"https:\/\/jlbauditores.es\/blog\/programa-de-fomento-de-la-contratacion-indefinida-de-determinados-colectivos-vulnerables-en-el-ambito-territorial-de-la-comunitat-valenciana\/#respond\"]}]},{\"@type\":\"WebPage\",\"@id\":\"https:\/\/jlbauditores.es\/blog\/programa-de-fomento-de-la-contratacion-indefinida-de-determinados-colectivos-vulnerables-en-el-ambito-territorial-de-la-comunitat-valenciana\/\",\"url\":\"https:\/\/jlbauditores.es\/blog\/programa-de-fomento-de-la-contratacion-indefinida-de-determinados-colectivos-vulnerables-en-el-ambito-territorial-de-la-comunitat-valenciana\/\",\"name\":\"Programa de fomento de la contrataci\u00f3n indefinida de determinados colectivos vulnerables en el \u00e1mbito territorial de la Comunitat Valenciana - JLB auditores\",\"isPartOf\":{\"@id\":\"https:\/\/jlbauditores.es\/#website\"},\"primaryImageOfPage\":{\"@id\":\"https:\/\/jlbauditores.es\/blog\/programa-de-fomento-de-la-contratacion-indefinida-de-determinados-colectivos-vulnerables-en-el-ambito-territorial-de-la-comunitat-valenciana\/#primaryimage\"},\"image\":{\"@id\":\"https:\/\/jlbauditores.es\/blog\/programa-de-fomento-de-la-contratacion-indefinida-de-determinados-colectivos-vulnerables-en-el-ambito-territorial-de-la-comunitat-valenciana\/#primaryimage\"},\"thumbnailUrl\":\"https:\/\/jlbauditores.es\/wp-content\/uploads\/Programa_fomento_vulnerables.jpg\",\"datePublished\":\"2023-06-22T12:10:12+00:00\",\"dateModified\":\"2025-04-15T07:19:07+00:00\",\"description\":\"Programa de fomento de la contrataci\u00f3n indefinida de determinados colectivos vulnerables en el \u00e1mbito territorial de la Comunitat Valenciana\",\"breadcrumb\":{\"@id\":\"https:\/\/jlbauditores.es\/blog\/programa-de-fomento-de-la-contratacion-indefinida-de-determinados-colectivos-vulnerables-en-el-ambito-territorial-de-la-comunitat-valenciana\/#breadcrumb\"},\"inLanguage\":\"en-US\",\"potentialAction\":[{\"@type\":\"ReadAction\",\"target\":[\"https:\/\/jlbauditores.es\/blog\/programa-de-fomento-de-la-contratacion-indefinida-de-determinados-colectivos-vulnerables-en-el-ambito-territorial-de-la-comunitat-valenciana\/\"]}]},{\"@type\":\"ImageObject\",\"inLanguage\":\"en-US\",\"@id\":\"https:\/\/jlbauditores.es\/blog\/programa-de-fomento-de-la-contratacion-indefinida-de-determinados-colectivos-vulnerables-en-el-ambito-territorial-de-la-comunitat-valenciana\/#primaryimage\",\"url\":\"https:\/\/jlbauditores.es\/wp-content\/uploads\/Programa_fomento_vulnerables.jpg\",\"contentUrl\":\"https:\/\/jlbauditores.es\/wp-content\/uploads\/Programa_fomento_vulnerables.jpg\",\"width\":977,\"height\":622,\"caption\":\"programa fomento de la contrataci\u00f3n\"},{\"@type\":\"BreadcrumbList\",\"@id\":\"https:\/\/jlbauditores.es\/blog\/programa-de-fomento-de-la-contratacion-indefinida-de-determinados-colectivos-vulnerables-en-el-ambito-territorial-de-la-comunitat-valenciana\/#breadcrumb\",\"itemListElement\":[{\"@type\":\"ListItem\",\"position\":1,\"name\":\"Portada\",\"item\":\"https:\/\/jlbauditores.es\/\"},{\"@type\":\"ListItem\",\"position\":2,\"name\":\"Programa de fomento de la contrataci\u00f3n indefinida de determinados colectivos vulnerables en el \u00e1mbito territorial de la Comunitat Valenciana\"}]},{\"@type\":\"WebSite\",\"@id\":\"https:\/\/jlbauditores.es\/#website\",\"url\":\"https:\/\/jlbauditores.es\/\",\"name\":\"Evidence\",\"description\":\"JLB auditores\",\"publisher\":{\"@id\":\"https:\/\/jlbauditores.es\/#organization\"},\"alternateName\":\"evidence auditores\",\"potentialAction\":[{\"@type\":\"SearchAction\",\"target\":{\"@type\":\"EntryPoint\",\"urlTemplate\":\"https:\/\/jlbauditores.es\/?s={search_term_string}\"},\"query-input\":{\"@type\":\"PropertyValueSpecification\",\"valueRequired\":true,\"valueName\":\"search_term_string\"}}],\"inLanguage\":\"en-US\"},{\"@type\":\"Organization\",\"@id\":\"https:\/\/jlbauditores.es\/#organization\",\"name\":\"Evidence auditores S.L\",\"url\":\"https:\/\/jlbauditores.es\/\",\"logo\":{\"@type\":\"ImageObject\",\"inLanguage\":\"en-US\",\"@id\":\"https:\/\/jlbauditores.es\/#\/schema\/logo\/image\/\",\"url\":\"https:\/\/jlbauditores.es\/wp-content\/uploads\/cropped-Auditores.png\",\"contentUrl\":\"https:\/\/jlbauditores.es\/wp-content\/uploads\/cropped-Auditores.png\",\"width\":500,\"height\":195,\"caption\":\"Evidence auditores S.L\"},\"image\":{\"@id\":\"https:\/\/jlbauditores.es\/#\/schema\/logo\/image\/\"}},{\"@type\":\"Person\",\"@id\":\"https:\/\/jlbauditores.es\/#\/schema\/person\/590e214754a672e5b12aae1eb94f2cda\",\"name\":\"pepe rico\",\"image\":{\"@type\":\"ImageObject\",\"inLanguage\":\"en-US\",\"@id\":\"https:\/\/jlbauditores.es\/#\/schema\/person\/image\/\",\"url\":\"https:\/\/secure.gravatar.com\/avatar\/c6dc4851ab37489a08c9c8a088c78d52f791912d5e1a0ed1f7f0185ba4a89dde?s=96&d=mm&r=g\",\"contentUrl\":\"https:\/\/secure.gravatar.com\/avatar\/c6dc4851ab37489a08c9c8a088c78d52f791912d5e1a0ed1f7f0185ba4a89dde?s=96&d=mm&r=g\",\"caption\":\"pepe rico\"},\"sameAs\":[\"https:\/\/jlbauditores.es\/\"]}]}<\/script>\n<!-- \/ Yoast SEO plugin. -->","yoast_head_json":{"title":"Programa de fomento de la contrataci\u00f3n indefinida de determinados colectivos vulnerables en el \u00e1mbito territorial de la Comunitat Valenciana - JLB auditores","description":"Programa de fomento de la contrataci\u00f3n indefinida de determinados colectivos vulnerables en el \u00e1mbito territorial de la Comunitat Valenciana","robots":{"index":"index","follow":"follow","max-snippet":"max-snippet:-1","max-image-preview":"max-image-preview:large","max-video-preview":"max-video-preview:-1"},"canonical":"https:\/\/jlbauditores.es\/en\/blog\/programa-de-fomento-de-la-contratacion-indefinida-de-determinados-colectivos-vulnerables-en-el-ambito-territorial-de-la-comunitat-valenciana\/","og_locale":"en_US","og_type":"article","og_title":"Programa de fomento de la contrataci\u00f3n indefinida de determinados colectivos vulnerables en el \u00e1mbito territorial de la Comunitat Valenciana - JLB auditores","og_description":"Programa de fomento de la contrataci\u00f3n indefinida de determinados colectivos vulnerables en el \u00e1mbito territorial de la Comunitat Valenciana","og_url":"https:\/\/jlbauditores.es\/en\/blog\/programa-de-fomento-de-la-contratacion-indefinida-de-determinados-colectivos-vulnerables-en-el-ambito-territorial-de-la-comunitat-valenciana\/","og_site_name":"JLB auditores","article_published_time":"2023-06-22T12:10:12+00:00","article_modified_time":"2025-04-15T07:19:07+00:00","og_image":[{"width":977,"height":622,"url":"https:\/\/jlbauditores.es\/wp-content\/uploads\/Programa_fomento_vulnerables.jpg","type":"image\/jpeg"}],"author":"pepe rico","twitter_card":"summary_large_image","twitter_misc":{"Written by":"pepe rico","Est. reading time":"1 minute"},"schema":{"@context":"https:\/\/schema.org","@graph":[{"@type":"Article","@id":"https:\/\/jlbauditores.es\/blog\/programa-de-fomento-de-la-contratacion-indefinida-de-determinados-colectivos-vulnerables-en-el-ambito-territorial-de-la-comunitat-valenciana\/#article","isPartOf":{"@id":"https:\/\/jlbauditores.es\/blog\/programa-de-fomento-de-la-contratacion-indefinida-de-determinados-colectivos-vulnerables-en-el-ambito-territorial-de-la-comunitat-valenciana\/"},"author":{"name":"pepe rico","@id":"https:\/\/jlbauditores.es\/#\/schema\/person\/590e214754a672e5b12aae1eb94f2cda"},"headline":"Programa de fomento de la contrataci\u00f3n indefinida de determinados colectivos vulnerables en el \u00e1mbito territorial de la Comunitat Valenciana","datePublished":"2023-06-22T12:10:12+00:00","dateModified":"2025-04-15T07:19:07+00:00","mainEntityOfPage":{"@id":"https:\/\/jlbauditores.es\/blog\/programa-de-fomento-de-la-contratacion-indefinida-de-determinados-colectivos-vulnerables-en-el-ambito-territorial-de-la-comunitat-valenciana\/"},"wordCount":161,"commentCount":0,"publisher":{"@id":"https:\/\/jlbauditores.es\/#organization"},"image":{"@id":"https:\/\/jlbauditores.es\/blog\/programa-de-fomento-de-la-contratacion-indefinida-de-determinados-colectivos-vulnerables-en-el-ambito-territorial-de-la-comunitat-valenciana\/#primaryimage"},"thumbnailUrl":"https:\/\/jlbauditores.es\/wp-content\/uploads\/Programa_fomento_vulnerables.jpg","articleSection":["Sin categor\u00eda"],"inLanguage":"en-US","potentialAction":[{"@type":"CommentAction","name":"Comment","target":["https:\/\/jlbauditores.es\/blog\/programa-de-fomento-de-la-contratacion-indefinida-de-determinados-colectivos-vulnerables-en-el-ambito-territorial-de-la-comunitat-valenciana\/#respond"]}]},{"@type":"WebPage","@id":"https:\/\/jlbauditores.es\/blog\/programa-de-fomento-de-la-contratacion-indefinida-de-determinados-colectivos-vulnerables-en-el-ambito-territorial-de-la-comunitat-valenciana\/","url":"https:\/\/jlbauditores.es\/blog\/programa-de-fomento-de-la-contratacion-indefinida-de-determinados-colectivos-vulnerables-en-el-ambito-territorial-de-la-comunitat-valenciana\/","name":"Programa de fomento de la contrataci\u00f3n indefinida de determinados colectivos vulnerables en el \u00e1mbito territorial de la Comunitat Valenciana - JLB auditores","isPartOf":{"@id":"https:\/\/jlbauditores.es\/#website"},"primaryImageOfPage":{"@id":"https:\/\/jlbauditores.es\/blog\/programa-de-fomento-de-la-contratacion-indefinida-de-determinados-colectivos-vulnerables-en-el-ambito-territorial-de-la-comunitat-valenciana\/#primaryimage"},"image":{"@id":"https:\/\/jlbauditores.es\/blog\/programa-de-fomento-de-la-contratacion-indefinida-de-determinados-colectivos-vulnerables-en-el-ambito-territorial-de-la-comunitat-valenciana\/#primaryimage"},"thumbnailUrl":"https:\/\/jlbauditores.es\/wp-content\/uploads\/Programa_fomento_vulnerables.jpg","datePublished":"2023-06-22T12:10:12+00:00","dateModified":"2025-04-15T07:19:07+00:00","description":"Programa de fomento de la contrataci\u00f3n indefinida de determinados colectivos vulnerables en el \u00e1mbito territorial de la Comunitat Valenciana","breadcrumb":{"@id":"https:\/\/jlbauditores.es\/blog\/programa-de-fomento-de-la-contratacion-indefinida-de-determinados-colectivos-vulnerables-en-el-ambito-territorial-de-la-comunitat-valenciana\/#breadcrumb"},"inLanguage":"en-US","potentialAction":[{"@type":"ReadAction","target":["https:\/\/jlbauditores.es\/blog\/programa-de-fomento-de-la-contratacion-indefinida-de-determinados-colectivos-vulnerables-en-el-ambito-territorial-de-la-comunitat-valenciana\/"]}]},{"@type":"ImageObject","inLanguage":"en-US","@id":"https:\/\/jlbauditores.es\/blog\/programa-de-fomento-de-la-contratacion-indefinida-de-determinados-colectivos-vulnerables-en-el-ambito-territorial-de-la-comunitat-valenciana\/#primaryimage","url":"https:\/\/jlbauditores.es\/wp-content\/uploads\/Programa_fomento_vulnerables.jpg","contentUrl":"https:\/\/jlbauditores.es\/wp-content\/uploads\/Programa_fomento_vulnerables.jpg","width":977,"height":622,"caption":"programa fomento de la contrataci\u00f3n"},{"@type":"BreadcrumbList","@id":"https:\/\/jlbauditores.es\/blog\/programa-de-fomento-de-la-contratacion-indefinida-de-determinados-colectivos-vulnerables-en-el-ambito-territorial-de-la-comunitat-valenciana\/#breadcrumb","itemListElement":[{"@type":"ListItem","position":1,"name":"Portada","item":"https:\/\/jlbauditores.es\/"},{"@type":"ListItem","position":2,"name":"Programa de fomento de la contrataci\u00f3n indefinida de determinados colectivos vulnerables en el \u00e1mbito territorial de la Comunitat Valenciana"}]},{"@type":"WebSite","@id":"https:\/\/jlbauditores.es\/#website","url":"https:\/\/jlbauditores.es\/","name":"Evidence","description":"JLB auditores","publisher":{"@id":"https:\/\/jlbauditores.es\/#organization"},"alternateName":"evidence auditores","potentialAction":[{"@type":"SearchAction","target":{"@type":"EntryPoint","urlTemplate":"https:\/\/jlbauditores.es\/?s={search_term_string}"},"query-input":{"@type":"PropertyValueSpecification","valueRequired":true,"valueName":"search_term_string"}}],"inLanguage":"en-US"},{"@type":"Organization","@id":"https:\/\/jlbauditores.es\/#organization","name":"Evidence auditores S.L","url":"https:\/\/jlbauditores.es\/","logo":{"@type":"ImageObject","inLanguage":"en-US","@id":"https:\/\/jlbauditores.es\/#\/schema\/logo\/image\/","url":"https:\/\/jlbauditores.es\/wp-content\/uploads\/cropped-Auditores.png","contentUrl":"https:\/\/jlbauditores.es\/wp-content\/uploads\/cropped-Auditores.png","width":500,"height":195,"caption":"Evidence auditores S.L"},"image":{"@id":"https:\/\/jlbauditores.es\/#\/schema\/logo\/image\/"}},{"@type":"Person","@id":"https:\/\/jlbauditores.es\/#\/schema\/person\/590e214754a672e5b12aae1eb94f2cda","name":"pepe rico","image":{"@type":"ImageObject","inLanguage":"en-US","@id":"https:\/\/jlbauditores.es\/#\/schema\/person\/image\/","url":"https:\/\/secure.gravatar.com\/avatar\/c6dc4851ab37489a08c9c8a088c78d52f791912d5e1a0ed1f7f0185ba4a89dde?s=96&d=mm&r=g","contentUrl":"https:\/\/secure.gravatar.com\/avatar\/c6dc4851ab37489a08c9c8a088c78d52f791912d5e1a0ed1f7f0185ba4a89dde?s=96&d=mm&r=g","caption":"pepe rico"},"sameAs":["https:\/\/jlbauditores.es\/"]}]}},"_links":{"self":[{"href":"https:\/\/jlbauditores.es\/en\/wp-json\/wp\/v2\/posts\/859","targetHints":{"allow":["GET"]}}],"collection":[{"href":"https:\/\/jlbauditores.es\/en\/wp-json\/wp\/v2\/posts"}],"about":[{"href":"https:\/\/jlbauditores.es\/en\/wp-json\/wp\/v2\/types\/post"}],"author":[{"embeddable":true,"href":"https:\/\/jlbauditores.es\/en\/wp-json\/wp\/v2\/users\/2"}],"replies":[{"embeddable":true,"href":"https:\/\/jlbauditores.es\/en\/wp-json\/wp\/v2\/comments?post=859"}],"version-history":[{"count":22,"href":"https:\/\/jlbauditores.es\/en\/wp-json\/wp\/v2\/posts\/859\/revisions"}],"predecessor-version":[{"id":911,"href":"https:\/\/jlbauditores.es\/en\/wp-json\/wp\/v2\/posts\/859\/revisions\/911"}],"wp:featuredmedia":[{"embeddable":true,"href":"https:\/\/jlbauditores.es\/en\/wp-json\/wp\/v2\/media\/862"}],"wp:attachment":[{"href":"https:\/\/jlbauditores.es\/en\/wp-json\/wp\/v2\/media?parent=859"}],"wp:term":[{"taxonomy":"category","embeddable":true,"href":"https:\/\/jlbauditores.es\/en\/wp-json\/wp\/v2\/categories?post=859"},{"taxonomy":"post_tag","embeddable":true,"href":"https:\/\/jlbauditores.es\/en\/wp-json\/wp\/v2\/tags?post=859"}],"curies":[{"name":"wp","href":"https:\/\/api.w.org\/{rel}","templated":true}]}}