{"id":722,"date":"2023-11-08T10:34:08","date_gmt":"2023-11-08T10:34:08","guid":{"rendered":"https:\/\/jlbauditores.es\/?p=722"},"modified":"2025-04-15T07:20:04","modified_gmt":"2025-04-15T07:20:04","slug":"xi-foro-de-pymes-de-auditoria","status":"publish","type":"post","link":"https:\/\/jlbauditores.es\/en\/blog\/xi-foro-de-pymes-de-auditoria\/","title":{"rendered":"XI Foro de Pymes de auditor\u00eda"},"content":{"rendered":"<div data-elementor-type=\"wp-post\" data-elementor-id=\"722\" class=\"elementor elementor-722\" data-elementor-post-type=\"post\">\n\t\t\t\t\t\t<section class=\"elementor-section elementor-top-section elementor-element elementor-element-66db3845 elementor-section-boxed elementor-section-height-default elementor-section-height-default\" data-id=\"66db3845\" data-element_type=\"section\" data-e-type=\"section\">\n\t\t\t\t\t\t<div class=\"elementor-container elementor-column-gap-default\">\n\t\t\t\t\t<div class=\"elementor-column elementor-col-100 elementor-top-column elementor-element elementor-element-65627d2a\" data-id=\"65627d2a\" data-element_type=\"column\" data-e-type=\"column\">\n\t\t\t<div class=\"elementor-widget-wrap elementor-element-populated\">\n\t\t\t\t\t\t<div class=\"elementor-element elementor-element-40f7631a elementor-widget elementor-widget-text-editor\" data-id=\"40f7631a\" data-element_type=\"widget\" data-e-type=\"widget\" data-widget_type=\"text-editor.default\">\n\t\t\t\t<div class=\"elementor-widget-container\">\n\t\t\t\t\t\t\t\t\t<h2>EVIDENCE asiste al XI Foro de Peque\u00f1os Despachos de Auditores en C\u00f3rdoba<\/h2><p>La transformaci\u00f3n digital, la captaci\u00f3n y la fidelizaci\u00f3n del talento, as\u00ed como la adaptaci\u00f3n al marco normativo de la nueva directiva de sostenibilidad. Estos son los grandes retos a los que van a tener que hacer frente a corto plazo las firmas de auditor\u00eda, y los principales temas tratados en el XI Foro de Peque\u00f1os Despachos de Auditores organizado por el Registro de Economistas Auditores (REA) que se celebr\u00f3 en C\u00f3rdoba los d\u00edas 21 y 22 de abril.<\/p><p>\u201cLa transformaci\u00f3n digital es un desaf\u00edo para todas las empresas. Hay aspectos que afectan a nuestra actividad, como la necesidad de utilizar herramientas inform\u00e1ticas que nos permitan no s\u00f3lo ser m\u00e1s efectivos, sino m\u00e1s eficientes en el desarrollo de nuestro trabajo\u201d, se\u00f1ala Jos\u00e9 Rico, socio fundador de EVIDENCE Auditores, quien asisti\u00f3 al foro nacional, en el que se dieron cita m\u00e1s de 450 profesionales nacionales.<\/p><p>\u201cSinceramente, agradezco al REA la organizaci\u00f3n de este foro y de eventos como el Audit-Meeting, ya que contribuyen a la mejora, al crecimiento y a la consolidaci\u00f3n de nuestros despachos profesionales\u201d, destaca Jos\u00e9 Rico.<\/p><p>Adem\u00e1s, el auditor se\u00f1ala la incidencia de la Inteligencia Artificial (IA), la importancia de contar con un software de extracci\u00f3n de datos (Big Data) y la preocupaci\u00f3n por la ciberseguridad en los despachos profesionales como aspectos a tener en cuenta en el d\u00eda a d\u00eda de la compa\u00f1\u00eda.<\/p><p>Fundada en 2004, la empresa valenciana vive una constante evoluci\u00f3n y crecimiento que le ha llevado a valorar la transformaci\u00f3n digital desde una perspectiva interna, y tambi\u00e9n externa, \u201cya que es necesario analizar con detalle la bondad de los sistemas inform\u00e1ticos de nuestros clientes con el fin de valorar el riesgo inherente de forma correcta para determinar el alcance de nuestro trabajo\u201d, apunta el auditor, al tiempo que se\u00f1ala que \u201clos perfiles profesionales con competencias en materia inform\u00e1tica se auguran como indispensables en toda forma de auditor\u00eda que aspire a seguir haciendo las cosas bien y poder no \u00fanicamente mantenerse, sino crecer en un mercado altamente regulado y competitivo\u201d.<\/p><p>A este respecto, Jos\u00e9 Rico apunta a los recientes an\u00e1lisis sobre la evoluci\u00f3n del sector de la auditor\u00eda, que revelan una enorme crisis de vocaciones. \u201cLos j\u00f3venes ya no se ven atra\u00eddos por una profesi\u00f3n que anta\u00f1o se configuraba como una plataforma profesional que permit\u00eda a los que decid\u00edamos dedicarnos a ella a disfrutar de una extensa formaci\u00f3n pr\u00e1ctica, acceder al conocimiento de m\u00faltiples realidades empresariales con casu\u00edsticas muy diferentes, estar rodeados de profesionales muy competentes y preparados que nos ayudaban todo lo posible para obtener un gran bagaje profesional. Un bagaje que, llegado el momento, nos ofrec\u00eda diversas opciones laborales para orientar nuestra carrera profesional, lo que aseguraba\u00a0en gran medida nuestro futuro\u201d, rememora Jos\u00e9 Rico.<\/p><p>\u201cEs necesario tener una visi\u00f3n cr\u00edtica de las razones que nos han llevado a este punto y adoptar soluciones constructivas y creativas que permitan revertir esta situaci\u00f3n\u201d, manifiesta como necesidad el socio fundador de EVIDENCE Auditores, dedicada fundamentalmente a la auditor\u00eda de cuentas en la Comunitat Valenciana, aunque tambi\u00e9n ofrece servicios profesionales de consultor\u00eda, la segunda l\u00ednea de actividades de la firma.<\/p><p>Un an\u00e1lisis y proyecci\u00f3n al que se va a sumar en los pr\u00f3ximos meses la adaptaci\u00f3n al marco normativo de la nueva Directiva de Sostenibilidad. \u201cVa a suponer grandes cambios para las empresas, que estar\u00e1n obligadas a formular informaci\u00f3n financiera y tambi\u00e9n la denominada informaci\u00f3n no financiera en unos informes integrados que ofrecer\u00e1n una informaci\u00f3n corporativa m\u00e1s completa y acorde a las necesidades de sus usuarios\u201d, asegura Jos\u00e9 Rico, quien en su compa\u00f1\u00eda ya trabaja en el desarrollo de esta l\u00ednea de negocio para sus clientes.<\/p><p>Y es que se prev\u00e9 que todas las grandes empresas est\u00e9n obligadas a formular esta informaci\u00f3n a partir de los ejercicios sociales iniciados el 1 de enero de 2025, mientras que las peque\u00f1as y medianas empresas se prev\u00e9 que estar\u00e1n afectadas por esta informaci\u00f3n a partir de 2028. \u201cEste hecho supone una gran oportunidad de crecimiento para las firmas de auditor\u00eda y consultor\u00eda, tanto por la necesidad de verificaci\u00f3n de dicha informaci\u00f3n integrada por parte de la divisi\u00f3n de auditor\u00eda como por la necesidad de las empresas de recibir asistencia especializada para la formulaci\u00f3n de la informaci\u00f3n por parte de las divisiones de consultor\u00eda\u201d, anticipa Rico.<\/p>\t\t\t\t\t\t\t\t<\/div>\n\t\t\t\t<\/div>\n\t\t\t\t\t<\/div>\n\t\t<\/div>\n\t\t\t\t\t<\/div>\n\t\t<\/section>\n\t\t\t\t<\/div>","protected":false},"excerpt":{"rendered":"<p>EVIDENCE asiste al XI Foro de Peque\u00f1os Despachos de Auditores en C\u00f3rdoba La transformaci\u00f3n digital, la captaci\u00f3n y la fidelizaci\u00f3n del talento, as\u00ed como la adaptaci\u00f3n al marco normativo de la nueva directiva de sostenibilidad. Estos son los grandes retos a los que van a tener que hacer frente a corto plazo las firmas de [&hellip;]<\/p>\n","protected":false},"author":2,"featured_media":725,"comment_status":"open","ping_status":"open","sticky":false,"template":"","format":"standard","meta":{"footnotes":""},"categories":[6],"tags":[],"class_list":["post-722","post","type-post","status-publish","format-standard","has-post-thumbnail","hentry","category-auditoria"],"yoast_head":"<!-- This site is optimized with the Yoast SEO plugin v27.1.1 - https:\/\/yoast.com\/product\/yoast-seo-wordpress\/ -->\n<title>XI Foro de Pymes de auditor\u00eda - JLB auditores<\/title>\n<meta name=\"robots\" content=\"index, follow, max-snippet:-1, max-image-preview:large, max-video-preview:-1\" \/>\n<link rel=\"canonical\" href=\"https:\/\/jlbauditores.es\/en\/blog\/xi-foro-de-pymes-de-auditoria\/\" \/>\n<meta property=\"og:locale\" content=\"en_US\" \/>\n<meta property=\"og:type\" content=\"article\" \/>\n<meta property=\"og:title\" content=\"XI Foro de Pymes de auditor\u00eda - JLB auditores\" \/>\n<meta property=\"og:description\" content=\"EVIDENCE asiste al XI Foro de Peque\u00f1os Despachos de Auditores en C\u00f3rdoba La transformaci\u00f3n digital, la captaci\u00f3n y la fidelizaci\u00f3n del talento, as\u00ed como la adaptaci\u00f3n al marco normativo de la nueva directiva de sostenibilidad. Estos son los grandes retos a los que van a tener que hacer frente a corto plazo las firmas de [&hellip;]\" \/>\n<meta property=\"og:url\" content=\"https:\/\/jlbauditores.es\/en\/blog\/xi-foro-de-pymes-de-auditoria\/\" \/>\n<meta property=\"og:site_name\" content=\"JLB auditores\" \/>\n<meta property=\"article:published_time\" content=\"2023-11-08T10:34:08+00:00\" \/>\n<meta property=\"article:modified_time\" content=\"2025-04-15T07:20:04+00:00\" \/>\n<meta property=\"og:image\" content=\"https:\/\/jlbauditores.es\/wp-content\/uploads\/foto.jpg\" \/>\n\t<meta property=\"og:image:width\" content=\"1391\" \/>\n\t<meta property=\"og:image:height\" content=\"773\" \/>\n\t<meta property=\"og:image:type\" content=\"image\/jpeg\" \/>\n<meta name=\"author\" content=\"pepe rico\" \/>\n<meta name=\"twitter:card\" content=\"summary_large_image\" \/>\n<meta name=\"twitter:label1\" content=\"Written by\" \/>\n\t<meta name=\"twitter:data1\" content=\"pepe rico\" \/>\n\t<meta name=\"twitter:label2\" content=\"Est. reading time\" \/>\n\t<meta name=\"twitter:data2\" content=\"4 minutes\" \/>\n<script type=\"application\/ld+json\" class=\"yoast-schema-graph\">{\"@context\":\"https:\/\/schema.org\",\"@graph\":[{\"@type\":\"Article\",\"@id\":\"https:\/\/jlbauditores.es\/blog\/xi-foro-de-pymes-de-auditoria\/#article\",\"isPartOf\":{\"@id\":\"https:\/\/jlbauditores.es\/blog\/xi-foro-de-pymes-de-auditoria\/\"},\"author\":{\"name\":\"pepe rico\",\"@id\":\"https:\/\/jlbauditores.es\/#\/schema\/person\/590e214754a672e5b12aae1eb94f2cda\"},\"headline\":\"XI Foro de Pymes de auditor\u00eda\",\"datePublished\":\"2023-11-08T10:34:08+00:00\",\"dateModified\":\"2025-04-15T07:20:04+00:00\",\"mainEntityOfPage\":{\"@id\":\"https:\/\/jlbauditores.es\/blog\/xi-foro-de-pymes-de-auditoria\/\"},\"wordCount\":799,\"commentCount\":0,\"publisher\":{\"@id\":\"https:\/\/jlbauditores.es\/#organization\"},\"image\":{\"@id\":\"https:\/\/jlbauditores.es\/blog\/xi-foro-de-pymes-de-auditoria\/#primaryimage\"},\"thumbnailUrl\":\"https:\/\/jlbauditores.es\/wp-content\/uploads\/foto.jpg\",\"articleSection\":[\"Auditor\u00eda\"],\"inLanguage\":\"en-US\",\"potentialAction\":[{\"@type\":\"CommentAction\",\"name\":\"Comment\",\"target\":[\"https:\/\/jlbauditores.es\/blog\/xi-foro-de-pymes-de-auditoria\/#respond\"]}]},{\"@type\":\"WebPage\",\"@id\":\"https:\/\/jlbauditores.es\/blog\/xi-foro-de-pymes-de-auditoria\/\",\"url\":\"https:\/\/jlbauditores.es\/blog\/xi-foro-de-pymes-de-auditoria\/\",\"name\":\"XI Foro de Pymes de auditor\u00eda - JLB auditores\",\"isPartOf\":{\"@id\":\"https:\/\/jlbauditores.es\/#website\"},\"primaryImageOfPage\":{\"@id\":\"https:\/\/jlbauditores.es\/blog\/xi-foro-de-pymes-de-auditoria\/#primaryimage\"},\"image\":{\"@id\":\"https:\/\/jlbauditores.es\/blog\/xi-foro-de-pymes-de-auditoria\/#primaryimage\"},\"thumbnailUrl\":\"https:\/\/jlbauditores.es\/wp-content\/uploads\/foto.jpg\",\"datePublished\":\"2023-11-08T10:34:08+00:00\",\"dateModified\":\"2025-04-15T07:20:04+00:00\",\"breadcrumb\":{\"@id\":\"https:\/\/jlbauditores.es\/blog\/xi-foro-de-pymes-de-auditoria\/#breadcrumb\"},\"inLanguage\":\"en-US\",\"potentialAction\":[{\"@type\":\"ReadAction\",\"target\":[\"https:\/\/jlbauditores.es\/blog\/xi-foro-de-pymes-de-auditoria\/\"]}]},{\"@type\":\"ImageObject\",\"inLanguage\":\"en-US\",\"@id\":\"https:\/\/jlbauditores.es\/blog\/xi-foro-de-pymes-de-auditoria\/#primaryimage\",\"url\":\"https:\/\/jlbauditores.es\/wp-content\/uploads\/foto.jpg\",\"contentUrl\":\"https:\/\/jlbauditores.es\/wp-content\/uploads\/foto.jpg\",\"width\":1391,\"height\":773,\"caption\":\"foro pymes de auditoria\"},{\"@type\":\"BreadcrumbList\",\"@id\":\"https:\/\/jlbauditores.es\/blog\/xi-foro-de-pymes-de-auditoria\/#breadcrumb\",\"itemListElement\":[{\"@type\":\"ListItem\",\"position\":1,\"name\":\"Portada\",\"item\":\"https:\/\/jlbauditores.es\/\"},{\"@type\":\"ListItem\",\"position\":2,\"name\":\"XI Foro de Pymes de auditor\u00eda\"}]},{\"@type\":\"WebSite\",\"@id\":\"https:\/\/jlbauditores.es\/#website\",\"url\":\"https:\/\/jlbauditores.es\/\",\"name\":\"Evidence\",\"description\":\"JLB auditores\",\"publisher\":{\"@id\":\"https:\/\/jlbauditores.es\/#organization\"},\"alternateName\":\"evidence auditores\",\"potentialAction\":[{\"@type\":\"SearchAction\",\"target\":{\"@type\":\"EntryPoint\",\"urlTemplate\":\"https:\/\/jlbauditores.es\/?s={search_term_string}\"},\"query-input\":{\"@type\":\"PropertyValueSpecification\",\"valueRequired\":true,\"valueName\":\"search_term_string\"}}],\"inLanguage\":\"en-US\"},{\"@type\":\"Organization\",\"@id\":\"https:\/\/jlbauditores.es\/#organization\",\"name\":\"Evidence auditores S.L\",\"url\":\"https:\/\/jlbauditores.es\/\",\"logo\":{\"@type\":\"ImageObject\",\"inLanguage\":\"en-US\",\"@id\":\"https:\/\/jlbauditores.es\/#\/schema\/logo\/image\/\",\"url\":\"https:\/\/jlbauditores.es\/wp-content\/uploads\/cropped-Auditores.png\",\"contentUrl\":\"https:\/\/jlbauditores.es\/wp-content\/uploads\/cropped-Auditores.png\",\"width\":500,\"height\":195,\"caption\":\"Evidence auditores S.L\"},\"image\":{\"@id\":\"https:\/\/jlbauditores.es\/#\/schema\/logo\/image\/\"}},{\"@type\":\"Person\",\"@id\":\"https:\/\/jlbauditores.es\/#\/schema\/person\/590e214754a672e5b12aae1eb94f2cda\",\"name\":\"pepe rico\",\"image\":{\"@type\":\"ImageObject\",\"inLanguage\":\"en-US\",\"@id\":\"https:\/\/jlbauditores.es\/#\/schema\/person\/image\/\",\"url\":\"https:\/\/secure.gravatar.com\/avatar\/c6dc4851ab37489a08c9c8a088c78d52f791912d5e1a0ed1f7f0185ba4a89dde?s=96&d=mm&r=g\",\"contentUrl\":\"https:\/\/secure.gravatar.com\/avatar\/c6dc4851ab37489a08c9c8a088c78d52f791912d5e1a0ed1f7f0185ba4a89dde?s=96&d=mm&r=g\",\"caption\":\"pepe rico\"},\"sameAs\":[\"https:\/\/jlbauditores.es\/\"]}]}<\/script>\n<!-- \/ Yoast SEO plugin. -->","yoast_head_json":{"title":"XI Foro de Pymes de auditor\u00eda - JLB auditores","robots":{"index":"index","follow":"follow","max-snippet":"max-snippet:-1","max-image-preview":"max-image-preview:large","max-video-preview":"max-video-preview:-1"},"canonical":"https:\/\/jlbauditores.es\/en\/blog\/xi-foro-de-pymes-de-auditoria\/","og_locale":"en_US","og_type":"article","og_title":"XI Foro de Pymes de auditor\u00eda - JLB auditores","og_description":"EVIDENCE asiste al XI Foro de Peque\u00f1os Despachos de Auditores en C\u00f3rdoba La transformaci\u00f3n digital, la captaci\u00f3n y la fidelizaci\u00f3n del talento, as\u00ed como la adaptaci\u00f3n al marco normativo de la nueva directiva de sostenibilidad. Estos son los grandes retos a los que van a tener que hacer frente a corto plazo las firmas de [&hellip;]","og_url":"https:\/\/jlbauditores.es\/en\/blog\/xi-foro-de-pymes-de-auditoria\/","og_site_name":"JLB auditores","article_published_time":"2023-11-08T10:34:08+00:00","article_modified_time":"2025-04-15T07:20:04+00:00","og_image":[{"width":1391,"height":773,"url":"https:\/\/jlbauditores.es\/wp-content\/uploads\/foto.jpg","type":"image\/jpeg"}],"author":"pepe rico","twitter_card":"summary_large_image","twitter_misc":{"Written by":"pepe rico","Est. reading time":"4 minutes"},"schema":{"@context":"https:\/\/schema.org","@graph":[{"@type":"Article","@id":"https:\/\/jlbauditores.es\/blog\/xi-foro-de-pymes-de-auditoria\/#article","isPartOf":{"@id":"https:\/\/jlbauditores.es\/blog\/xi-foro-de-pymes-de-auditoria\/"},"author":{"name":"pepe rico","@id":"https:\/\/jlbauditores.es\/#\/schema\/person\/590e214754a672e5b12aae1eb94f2cda"},"headline":"XI Foro de Pymes de auditor\u00eda","datePublished":"2023-11-08T10:34:08+00:00","dateModified":"2025-04-15T07:20:04+00:00","mainEntityOfPage":{"@id":"https:\/\/jlbauditores.es\/blog\/xi-foro-de-pymes-de-auditoria\/"},"wordCount":799,"commentCount":0,"publisher":{"@id":"https:\/\/jlbauditores.es\/#organization"},"image":{"@id":"https:\/\/jlbauditores.es\/blog\/xi-foro-de-pymes-de-auditoria\/#primaryimage"},"thumbnailUrl":"https:\/\/jlbauditores.es\/wp-content\/uploads\/foto.jpg","articleSection":["Auditor\u00eda"],"inLanguage":"en-US","potentialAction":[{"@type":"CommentAction","name":"Comment","target":["https:\/\/jlbauditores.es\/blog\/xi-foro-de-pymes-de-auditoria\/#respond"]}]},{"@type":"WebPage","@id":"https:\/\/jlbauditores.es\/blog\/xi-foro-de-pymes-de-auditoria\/","url":"https:\/\/jlbauditores.es\/blog\/xi-foro-de-pymes-de-auditoria\/","name":"XI Foro de Pymes de auditor\u00eda - JLB auditores","isPartOf":{"@id":"https:\/\/jlbauditores.es\/#website"},"primaryImageOfPage":{"@id":"https:\/\/jlbauditores.es\/blog\/xi-foro-de-pymes-de-auditoria\/#primaryimage"},"image":{"@id":"https:\/\/jlbauditores.es\/blog\/xi-foro-de-pymes-de-auditoria\/#primaryimage"},"thumbnailUrl":"https:\/\/jlbauditores.es\/wp-content\/uploads\/foto.jpg","datePublished":"2023-11-08T10:34:08+00:00","dateModified":"2025-04-15T07:20:04+00:00","breadcrumb":{"@id":"https:\/\/jlbauditores.es\/blog\/xi-foro-de-pymes-de-auditoria\/#breadcrumb"},"inLanguage":"en-US","potentialAction":[{"@type":"ReadAction","target":["https:\/\/jlbauditores.es\/blog\/xi-foro-de-pymes-de-auditoria\/"]}]},{"@type":"ImageObject","inLanguage":"en-US","@id":"https:\/\/jlbauditores.es\/blog\/xi-foro-de-pymes-de-auditoria\/#primaryimage","url":"https:\/\/jlbauditores.es\/wp-content\/uploads\/foto.jpg","contentUrl":"https:\/\/jlbauditores.es\/wp-content\/uploads\/foto.jpg","width":1391,"height":773,"caption":"foro pymes de auditoria"},{"@type":"BreadcrumbList","@id":"https:\/\/jlbauditores.es\/blog\/xi-foro-de-pymes-de-auditoria\/#breadcrumb","itemListElement":[{"@type":"ListItem","position":1,"name":"Portada","item":"https:\/\/jlbauditores.es\/"},{"@type":"ListItem","position":2,"name":"XI Foro de Pymes de auditor\u00eda"}]},{"@type":"WebSite","@id":"https:\/\/jlbauditores.es\/#website","url":"https:\/\/jlbauditores.es\/","name":"Evidence","description":"JLB auditores","publisher":{"@id":"https:\/\/jlbauditores.es\/#organization"},"alternateName":"evidence auditores","potentialAction":[{"@type":"SearchAction","target":{"@type":"EntryPoint","urlTemplate":"https:\/\/jlbauditores.es\/?s={search_term_string}"},"query-input":{"@type":"PropertyValueSpecification","valueRequired":true,"valueName":"search_term_string"}}],"inLanguage":"en-US"},{"@type":"Organization","@id":"https:\/\/jlbauditores.es\/#organization","name":"Evidence auditores S.L","url":"https:\/\/jlbauditores.es\/","logo":{"@type":"ImageObject","inLanguage":"en-US","@id":"https:\/\/jlbauditores.es\/#\/schema\/logo\/image\/","url":"https:\/\/jlbauditores.es\/wp-content\/uploads\/cropped-Auditores.png","contentUrl":"https:\/\/jlbauditores.es\/wp-content\/uploads\/cropped-Auditores.png","width":500,"height":195,"caption":"Evidence auditores S.L"},"image":{"@id":"https:\/\/jlbauditores.es\/#\/schema\/logo\/image\/"}},{"@type":"Person","@id":"https:\/\/jlbauditores.es\/#\/schema\/person\/590e214754a672e5b12aae1eb94f2cda","name":"pepe rico","image":{"@type":"ImageObject","inLanguage":"en-US","@id":"https:\/\/jlbauditores.es\/#\/schema\/person\/image\/","url":"https:\/\/secure.gravatar.com\/avatar\/c6dc4851ab37489a08c9c8a088c78d52f791912d5e1a0ed1f7f0185ba4a89dde?s=96&d=mm&r=g","contentUrl":"https:\/\/secure.gravatar.com\/avatar\/c6dc4851ab37489a08c9c8a088c78d52f791912d5e1a0ed1f7f0185ba4a89dde?s=96&d=mm&r=g","caption":"pepe rico"},"sameAs":["https:\/\/jlbauditores.es\/"]}]}},"_links":{"self":[{"href":"https:\/\/jlbauditores.es\/en\/wp-json\/wp\/v2\/posts\/722","targetHints":{"allow":["GET"]}}],"collection":[{"href":"https:\/\/jlbauditores.es\/en\/wp-json\/wp\/v2\/posts"}],"about":[{"href":"https:\/\/jlbauditores.es\/en\/wp-json\/wp\/v2\/types\/post"}],"author":[{"embeddable":true,"href":"https:\/\/jlbauditores.es\/en\/wp-json\/wp\/v2\/users\/2"}],"replies":[{"embeddable":true,"href":"https:\/\/jlbauditores.es\/en\/wp-json\/wp\/v2\/comments?post=722"}],"version-history":[{"count":19,"href":"https:\/\/jlbauditores.es\/en\/wp-json\/wp\/v2\/posts\/722\/revisions"}],"predecessor-version":[{"id":912,"href":"https:\/\/jlbauditores.es\/en\/wp-json\/wp\/v2\/posts\/722\/revisions\/912"}],"wp:featuredmedia":[{"embeddable":true,"href":"https:\/\/jlbauditores.es\/en\/wp-json\/wp\/v2\/media\/725"}],"wp:attachment":[{"href":"https:\/\/jlbauditores.es\/en\/wp-json\/wp\/v2\/media?parent=722"}],"wp:term":[{"taxonomy":"category","embeddable":true,"href":"https:\/\/jlbauditores.es\/en\/wp-json\/wp\/v2\/categories?post=722"},{"taxonomy":"post_tag","embeddable":true,"href":"https:\/\/jlbauditores.es\/en\/wp-json\/wp\/v2\/tags?post=722"}],"curies":[{"name":"wp","href":"https:\/\/api.w.org\/{rel}","templated":true}]}}